{"id":7520,"date":"2023-01-30T10:52:22","date_gmt":"2023-01-30T09:52:22","guid":{"rendered":"https:\/\/www.torrestir.com\/?p=7520"},"modified":"2023-01-30T10:52:22","modified_gmt":"2023-01-30T09:52:22","slug":"fernando-torres-condecorado-pelo-presidente-da-republica","status":"publish","type":"post","link":"https:\/\/www.torrestir.com\/madeira\/2023\/01\/30\/fernando-torres-condecorado-pelo-presidente-da-republica\/","title":{"rendered":"Fernando Torres condecorado pelo Presidente da Rep\u00fablica"},"content":{"rendered":"<p>\u00c9 com um enorme sentimento de orgulho que damos hoje os parab\u00e9ns a <strong>Fernando Torres<\/strong>, Presidente do Conselho de Administra\u00e7\u00e3o da Torrestir, pela <strong>condecora\u00e7\u00e3o<\/strong> recebida do<strong> Presidente da Rep\u00fablica<\/strong> com a medalha equivalente ao terceiro grau da Ordem do M\u00e9rito, passando a ostentar o t\u00edtulo de <strong>Comendador<\/strong>, pelos servi\u00e7os prestados ao pa\u00eds na qualidade de empreendedor e dinamizador da economia portuguesa.<\/p>\n<p>De acordo com a lei das ordens honor\u00edficas portuguesa, a <strong>Ordem do M\u00e9rito<\/strong> \u00e9 \u201cuma ordem honor\u00edfica portuguesa que visa distinguir actos ou servi\u00e7os merit\u00f3rios que revelem abnega\u00e7\u00e3o em favor da coletividade, praticados no exerc\u00edcio de quaisquer fun\u00e7\u00f5es, p\u00fablicas ou privadas\u201d.<\/p>\n<p><img decoding=\"async\" loading=\"lazy\" class=\"aligncenter wp-image-7521 size-full\" src=\"https:\/\/www.torrestir.com\/wp-content\/uploads\/2023\/03\/3.png\" alt=\"\" width=\"1000\" height=\"628\" srcset=\"https:\/\/www.torrestir.com\/madeira\/wp-content\/uploads\/sites\/4\/2023\/03\/3.png 1000w, https:\/\/www.torrestir.com\/madeira\/wp-content\/uploads\/sites\/4\/2023\/03\/3-300x188.png 300w, https:\/\/www.torrestir.com\/madeira\/wp-content\/uploads\/sites\/4\/2023\/03\/3-768x482.png 768w, https:\/\/www.torrestir.com\/madeira\/wp-content\/uploads\/sites\/4\/2023\/03\/3-600x377.png 600w\" sizes=\"(max-width: 1000px) 100vw, 1000px\" \/><\/p>\n<div class=\"wp-socializer wpsr-share-icons\" data-lg-action=\"show\" data-sm-action=\"show\" data-sm-width=\"768\"><h3>Share and Enjoy !<\/h3><div class=\"wpsr-si-inner\"><div class=\"wpsr-counter wpsrc-sz-40px\" style=\"color:#000\"><span class=\"scount\" data-wpsrs=\"\" data-wpsrs-svcs=\"facebook,twitter,linkedin,print,pdf\"><i class=\"fa fa-share-alt\" aria-hidden=\"true\"><\/i><\/span><small class=\"stext\">Shares<\/small><\/div><div class=\"socializer sr-popup sr-count-1 sr-40px sr-opacity sr-pad\"><span class=\"sr-facebook\"><a data-id=\"facebook\" style=\"color:#ffffff;\" rel=\"nofollow\" href=\"https:\/\/www.facebook.com\/share.php?u=\" target=\"_blank\" title=\"Share this on Facebook\"><i class=\"fab fa-facebook-f\"><\/i><span class=\"ctext\" data-wpsrs=\"\" data-wpsrs-svcs=\"facebook\"><\/span><\/a><\/span>\n<span class=\"sr-twitter\"><a data-id=\"twitter\" style=\"color:#ffffff;\" rel=\"nofollow\" href=\"https:\/\/twitter.com\/intent\/tweet?text=%20-%20%20\" target=\"_blank\" title=\"Tweet this !\"><i class=\"fab fa-twitter\"><\/i><\/a><\/span>\n<span class=\"sr-linkedin\"><a data-id=\"linkedin\" style=\"color:#ffffff;\" rel=\"nofollow\" href=\"https:\/\/www.linkedin.com\/sharing\/share-offsite\/?url=\" target=\"_blank\" title=\"Add this to LinkedIn\"><i class=\"fab fa-linkedin-in\"><\/i><\/a><\/span>\n<span class=\"sr-print\"><a data-id=\"print\" style=\"color:#ffffff;\" rel=\"nofollow\" href=\"https:\/\/www.printfriendly.com\/print?url=\" target=\"_blank\" title=\"Print this article \"><i class=\"fa fa-print\"><\/i><\/a><\/span>\n<span class=\"sr-pdf\"><a data-id=\"pdf\" style=\"color:#ffffff;\" rel=\"nofollow\" href=\"https:\/\/www.printfriendly.com\/print?url=\" target=\"_blank\" title=\"Convert to PDF\"><i class=\"fa fa-file-pdf\"><\/i><\/a><\/span>\n<span class=\"sr-share-menu\"><a href=\"#\" target=\"_blank\" title=\"More share links\" style=\"color:#ffffff;\" data-metadata=\"{&quot;url&quot;:&quot;&quot;,&quot;title&quot;:&quot;&quot;,&quot;excerpt&quot;:&quot;&quot;,&quot;image&quot;:&quot;&quot;,&quot;short-url&quot;:&quot;&quot;,&quot;rss-url&quot;:&quot;https:\\\/\\\/www.torrestir.com\\\/madeira\\\/feed\\\/&quot;,&quot;comments-section&quot;:&quot;comments&quot;,&quot;raw-url&quot;:&quot;&quot;,&quot;twitter-username&quot;:&quot;&quot;,&quot;fb-app-id&quot;:&quot;&quot;,&quot;fb-app-secret&quot;:&quot;&quot;}\"><i class=\"fa fa-plus\"><\/i><\/a><\/span><\/div><\/div><\/div>\n","protected":false},"excerpt":{"rendered":"<p>\u00c9 com um enorme orgulho que damos hoje os parab\u00e9ns a Fernando Torres, pela condecora\u00e7\u00e3o recebida do Presidente da Rep\u00fablica, passando a ostentar o t\u00edtulo de Comendador.<\/p>\n","protected":false},"author":6,"featured_media":7521,"comment_status":"closed","ping_status":"open","sticky":false,"template":"","format":"standard","meta":{"_uag_custom_page_level_css":""},"categories":[13],"tags":[283,285,287,289,292,171],"yoast_head":"<!-- This site is optimized with the Yoast SEO plugin v21.1 - https:\/\/yoast.com\/wordpress\/plugins\/seo\/ -->\n<title>Fernando Torres condecorado pelo Presidente da Rep\u00fablica - Torrestir Madeira<\/title>\n<meta name=\"description\" content=\"\u00c9 com um enorme sentimento de orgulho que damos hoje os parab\u00e9ns a Fernando Torres, Presidente do Conselho de Administra\u00e7\u00e3o da Torrestir, pela condecora\u00e7\u00e3o recebida do Presidente da Rep\u00fablica com a medalha equivalente ao terceiro grau da Ordem do M\u00e9rito, passando a ostentar o t\u00edtulo de Comendador.\" \/>\n<meta name=\"robots\" content=\"index, follow, max-snippet:-1, max-image-preview:large, max-video-preview:-1\" \/>\n<link rel=\"canonical\" href=\"https:\/\/www.torrestir.com\/madeira\/2023\/01\/30\/fernando-torres-condecorado-pelo-presidente-da-republica\/\" \/>\n<meta property=\"og:locale\" content=\"pt_PT\" \/>\n<meta property=\"og:type\" content=\"article\" \/>\n<meta property=\"og:title\" content=\"Fernando Torres condecorado pelo Presidente da Rep\u00fablica - Torrestir Madeira\" \/>\n<meta property=\"og:description\" content=\"\u00c9 com um enorme sentimento de orgulho que damos hoje os parab\u00e9ns a Fernando Torres, Presidente do Conselho de Administra\u00e7\u00e3o da Torrestir, pela condecora\u00e7\u00e3o recebida do Presidente da Rep\u00fablica com a medalha equivalente ao terceiro grau da Ordem do M\u00e9rito, passando a ostentar o t\u00edtulo de Comendador.\" \/>\n<meta property=\"og:url\" content=\"https:\/\/www.torrestir.com\/madeira\/2023\/01\/30\/fernando-torres-condecorado-pelo-presidente-da-republica\/\" \/>\n<meta property=\"og:site_name\" content=\"Torrestir Madeira\" \/>\n<meta property=\"article:published_time\" content=\"2023-01-30T09:52:22+00:00\" \/>\n<meta property=\"og:image\" content=\"http:\/\/www.torrestir.com\/madeira\/wp-content\/uploads\/sites\/4\/2023\/03\/3.png\" \/>\n\t<meta property=\"og:image:width\" content=\"1000\" \/>\n\t<meta property=\"og:image:height\" content=\"628\" \/>\n\t<meta property=\"og:image:type\" content=\"image\/png\" \/>\n<meta name=\"author\" content=\"diogofelix\" \/>\n<meta name=\"twitter:card\" content=\"summary_large_image\" \/>\n<meta name=\"twitter:label1\" content=\"Escrito por\" \/>\n\t<meta name=\"twitter:data1\" content=\"diogofelix\" \/>\n\t<meta name=\"twitter:label2\" content=\"Tempo estimado de leitura\" \/>\n\t<meta name=\"twitter:data2\" content=\"1 minuto\" \/>\n<script type=\"application\/ld+json\" class=\"yoast-schema-graph\">{\"@context\":\"https:\/\/schema.org\",\"@graph\":[{\"@type\":\"WebPage\",\"@id\":\"https:\/\/www.torrestir.com\/madeira\/2023\/01\/30\/fernando-torres-condecorado-pelo-presidente-da-republica\/\",\"url\":\"https:\/\/www.torrestir.com\/madeira\/2023\/01\/30\/fernando-torres-condecorado-pelo-presidente-da-republica\/\",\"name\":\"Fernando Torres condecorado pelo Presidente da Rep\u00fablica - Torrestir Madeira\",\"isPartOf\":{\"@id\":\"https:\/\/www.torrestir.com\/madeira\/#website\"},\"datePublished\":\"2023-01-30T09:52:22+00:00\",\"dateModified\":\"2023-01-30T09:52:22+00:00\",\"author\":{\"@id\":\"https:\/\/www.torrestir.com\/madeira\/#\/schema\/person\/a897dbbb625aae550897040a735c27d2\"},\"description\":\"\u00c9 com um enorme sentimento de orgulho que damos hoje os parab\u00e9ns a Fernando Torres, Presidente do Conselho de Administra\u00e7\u00e3o da Torrestir, pela condecora\u00e7\u00e3o recebida do Presidente da Rep\u00fablica com a medalha equivalente ao terceiro grau da Ordem do M\u00e9rito, passando a ostentar o t\u00edtulo de Comendador.\",\"breadcrumb\":{\"@id\":\"https:\/\/www.torrestir.com\/madeira\/2023\/01\/30\/fernando-torres-condecorado-pelo-presidente-da-republica\/#breadcrumb\"},\"inLanguage\":\"pt-PT\",\"potentialAction\":[{\"@type\":\"ReadAction\",\"target\":[\"https:\/\/www.torrestir.com\/madeira\/2023\/01\/30\/fernando-torres-condecorado-pelo-presidente-da-republica\/\"]}]},{\"@type\":\"BreadcrumbList\",\"@id\":\"https:\/\/www.torrestir.com\/madeira\/2023\/01\/30\/fernando-torres-condecorado-pelo-presidente-da-republica\/#breadcrumb\",\"itemListElement\":[{\"@type\":\"ListItem\",\"position\":1,\"name\":\"In\u00edcio\",\"item\":\"https:\/\/www.torrestir.com\/madeira\/\"},{\"@type\":\"ListItem\",\"position\":2,\"name\":\"Fernando Torres condecorado pelo Presidente da Rep\u00fablica\"}]},{\"@type\":\"WebSite\",\"@id\":\"https:\/\/www.torrestir.com\/madeira\/#website\",\"url\":\"https:\/\/www.torrestir.com\/madeira\/\",\"name\":\"Torrestir Madeira\",\"description\":\"Sem limites\",\"potentialAction\":[{\"@type\":\"SearchAction\",\"target\":{\"@type\":\"EntryPoint\",\"urlTemplate\":\"https:\/\/www.torrestir.com\/madeira\/?s={search_term_string}\"},\"query-input\":\"required name=search_term_string\"}],\"inLanguage\":\"pt-PT\"},{\"@type\":\"Person\",\"@id\":\"https:\/\/www.torrestir.com\/madeira\/#\/schema\/person\/a897dbbb625aae550897040a735c27d2\",\"name\":\"diogofelix\",\"image\":{\"@type\":\"ImageObject\",\"inLanguage\":\"pt-PT\",\"@id\":\"https:\/\/www.torrestir.com\/madeira\/#\/schema\/person\/image\/\",\"url\":\"https:\/\/secure.gravatar.com\/avatar\/8c96fa216da80efff13817d050c6f581?s=96&d=mm&r=g\",\"contentUrl\":\"https:\/\/secure.gravatar.com\/avatar\/8c96fa216da80efff13817d050c6f581?s=96&d=mm&r=g\",\"caption\":\"diogofelix\"},\"url\":\"https:\/\/www.torrestir.com\/madeira\/author\/diogofelix\/\"}]}<\/script>\n<!-- \/ Yoast SEO plugin. -->","yoast_head_json":{"title":"Fernando Torres condecorado pelo Presidente da Rep\u00fablica - Torrestir Madeira","description":"\u00c9 com um enorme sentimento de orgulho que damos hoje os parab\u00e9ns a Fernando Torres, Presidente do Conselho de Administra\u00e7\u00e3o da Torrestir, pela condecora\u00e7\u00e3o recebida do Presidente da Rep\u00fablica com a medalha equivalente ao terceiro grau da Ordem do M\u00e9rito, passando a ostentar o t\u00edtulo de Comendador.","robots":{"index":"index","follow":"follow","max-snippet":"max-snippet:-1","max-image-preview":"max-image-preview:large","max-video-preview":"max-video-preview:-1"},"canonical":"https:\/\/www.torrestir.com\/madeira\/2023\/01\/30\/fernando-torres-condecorado-pelo-presidente-da-republica\/","og_locale":"pt_PT","og_type":"article","og_title":"Fernando Torres condecorado pelo Presidente da Rep\u00fablica - Torrestir Madeira","og_description":"\u00c9 com um enorme sentimento de orgulho que damos hoje os parab\u00e9ns a Fernando Torres, Presidente do Conselho de Administra\u00e7\u00e3o da Torrestir, pela condecora\u00e7\u00e3o recebida do Presidente da Rep\u00fablica com a medalha equivalente ao terceiro grau da Ordem do M\u00e9rito, passando a ostentar o t\u00edtulo de Comendador.","og_url":"https:\/\/www.torrestir.com\/madeira\/2023\/01\/30\/fernando-torres-condecorado-pelo-presidente-da-republica\/","og_site_name":"Torrestir Madeira","article_published_time":"2023-01-30T09:52:22+00:00","og_image":[{"width":1000,"height":628,"url":"http:\/\/www.torrestir.com\/madeira\/wp-content\/uploads\/sites\/4\/2023\/03\/3.png","type":"image\/png"}],"author":"diogofelix","twitter_card":"summary_large_image","twitter_misc":{"Escrito por":"diogofelix","Tempo estimado de leitura":"1 minuto"},"schema":{"@context":"https:\/\/schema.org","@graph":[{"@type":"WebPage","@id":"https:\/\/www.torrestir.com\/madeira\/2023\/01\/30\/fernando-torres-condecorado-pelo-presidente-da-republica\/","url":"https:\/\/www.torrestir.com\/madeira\/2023\/01\/30\/fernando-torres-condecorado-pelo-presidente-da-republica\/","name":"Fernando Torres condecorado pelo Presidente da Rep\u00fablica - Torrestir Madeira","isPartOf":{"@id":"https:\/\/www.torrestir.com\/madeira\/#website"},"datePublished":"2023-01-30T09:52:22+00:00","dateModified":"2023-01-30T09:52:22+00:00","author":{"@id":"https:\/\/www.torrestir.com\/madeira\/#\/schema\/person\/a897dbbb625aae550897040a735c27d2"},"description":"\u00c9 com um enorme sentimento de orgulho que damos hoje os parab\u00e9ns a Fernando Torres, Presidente do Conselho de Administra\u00e7\u00e3o da Torrestir, pela condecora\u00e7\u00e3o recebida do Presidente da Rep\u00fablica com a medalha equivalente ao terceiro grau da Ordem do M\u00e9rito, passando a ostentar o t\u00edtulo de Comendador.","breadcrumb":{"@id":"https:\/\/www.torrestir.com\/madeira\/2023\/01\/30\/fernando-torres-condecorado-pelo-presidente-da-republica\/#breadcrumb"},"inLanguage":"pt-PT","potentialAction":[{"@type":"ReadAction","target":["https:\/\/www.torrestir.com\/madeira\/2023\/01\/30\/fernando-torres-condecorado-pelo-presidente-da-republica\/"]}]},{"@type":"BreadcrumbList","@id":"https:\/\/www.torrestir.com\/madeira\/2023\/01\/30\/fernando-torres-condecorado-pelo-presidente-da-republica\/#breadcrumb","itemListElement":[{"@type":"ListItem","position":1,"name":"In\u00edcio","item":"https:\/\/www.torrestir.com\/madeira\/"},{"@type":"ListItem","position":2,"name":"Fernando Torres condecorado pelo Presidente da Rep\u00fablica"}]},{"@type":"WebSite","@id":"https:\/\/www.torrestir.com\/madeira\/#website","url":"https:\/\/www.torrestir.com\/madeira\/","name":"Torrestir Madeira","description":"Sem limites","potentialAction":[{"@type":"SearchAction","target":{"@type":"EntryPoint","urlTemplate":"https:\/\/www.torrestir.com\/madeira\/?s={search_term_string}"},"query-input":"required name=search_term_string"}],"inLanguage":"pt-PT"},{"@type":"Person","@id":"https:\/\/www.torrestir.com\/madeira\/#\/schema\/person\/a897dbbb625aae550897040a735c27d2","name":"diogofelix","image":{"@type":"ImageObject","inLanguage":"pt-PT","@id":"https:\/\/www.torrestir.com\/madeira\/#\/schema\/person\/image\/","url":"https:\/\/secure.gravatar.com\/avatar\/8c96fa216da80efff13817d050c6f581?s=96&d=mm&r=g","contentUrl":"https:\/\/secure.gravatar.com\/avatar\/8c96fa216da80efff13817d050c6f581?s=96&d=mm&r=g","caption":"diogofelix"},"url":"https:\/\/www.torrestir.com\/madeira\/author\/diogofelix\/"}]}},"uagb_featured_image_src":{"full":["https:\/\/www.torrestir.com\/madeira\/wp-content\/uploads\/sites\/4\/2023\/03\/3.png",1000,628,false],"thumbnail":["https:\/\/www.torrestir.com\/madeira\/wp-content\/uploads\/sites\/4\/2023\/03\/3-150x150.png",150,150,true],"medium":["https:\/\/www.torrestir.com\/madeira\/wp-content\/uploads\/sites\/4\/2023\/03\/3-300x188.png",300,188,true],"medium_large":["https:\/\/www.torrestir.com\/madeira\/wp-content\/uploads\/sites\/4\/2023\/03\/3-768x482.png",768,482,true],"large":["https:\/\/www.torrestir.com\/madeira\/wp-content\/uploads\/sites\/4\/2023\/03\/3.png",1000,628,false],"timeline-express":["https:\/\/www.torrestir.com\/madeira\/wp-content\/uploads\/sites\/4\/2023\/03\/3-350x120.png",350,120,true],"timeline-express-thumbnail":["https:\/\/www.torrestir.com\/madeira\/wp-content\/uploads\/sites\/4\/2023\/03\/3-200x120.png",200,120,true],"1536x1536":["https:\/\/www.torrestir.com\/madeira\/wp-content\/uploads\/sites\/4\/2023\/03\/3.png",1000,628,false],"2048x2048":["https:\/\/www.torrestir.com\/madeira\/wp-content\/uploads\/sites\/4\/2023\/03\/3.png",1000,628,false],"transcargo-image-255x170-croped":["https:\/\/www.torrestir.com\/madeira\/wp-content\/uploads\/sites\/4\/2023\/03\/3-255x170.png",255,170,true],"transcargo-image-270x330-croped":["https:\/\/www.torrestir.com\/madeira\/wp-content\/uploads\/sites\/4\/2023\/03\/3-270x330.png",270,330,true],"transcargo_image-600x377-croped":["https:\/\/www.torrestir.com\/madeira\/wp-content\/uploads\/sites\/4\/2023\/03\/3-600x377.png",600,377,true],"transcargo_image-350x230-croped":["https:\/\/www.torrestir.com\/madeira\/wp-content\/uploads\/sites\/4\/2023\/03\/3-350x230.png",350,230,true],"transcargo_image-130x130-croped":["https:\/\/www.torrestir.com\/madeira\/wp-content\/uploads\/sites\/4\/2023\/03\/3-130x130.png",130,130,true],"transcargo_image-40x40-croped":["https:\/\/www.torrestir.com\/madeira\/wp-content\/uploads\/sites\/4\/2023\/03\/3-40x40.png",40,40,true],"transcargo_image-1600x1024":["https:\/\/www.torrestir.com\/madeira\/wp-content\/uploads\/sites\/4\/2023\/03\/3.png",1000,628,false]},"uagb_author_info":{"display_name":"diogofelix","author_link":"https:\/\/www.torrestir.com\/madeira\/author\/diogofelix\/"},"uagb_comment_info":0,"uagb_excerpt":"\u00c9 com um enorme orgulho que damos hoje os parab\u00e9ns a Fernando Torres, pela condecora\u00e7\u00e3o recebida do Presidente da Rep\u00fablica, passando a ostentar o t\u00edtulo de Comendador.","_links":{"self":[{"href":"https:\/\/www.torrestir.com\/madeira\/wp-json\/wp\/v2\/posts\/7520"}],"collection":[{"href":"https:\/\/www.torrestir.com\/madeira\/wp-json\/wp\/v2\/posts"}],"about":[{"href":"https:\/\/www.torrestir.com\/madeira\/wp-json\/wp\/v2\/types\/post"}],"author":[{"embeddable":true,"href":"https:\/\/www.torrestir.com\/madeira\/wp-json\/wp\/v2\/users\/6"}],"replies":[{"embeddable":true,"href":"https:\/\/www.torrestir.com\/madeira\/wp-json\/wp\/v2\/comments?post=7520"}],"version-history":[{"count":0,"href":"https:\/\/www.torrestir.com\/madeira\/wp-json\/wp\/v2\/posts\/7520\/revisions"}],"wp:featuredmedia":[{"embeddable":true,"href":"https:\/\/www.torrestir.com\/madeira\/wp-json\/wp\/v2\/media\/7521"}],"wp:attachment":[{"href":"https:\/\/www.torrestir.com\/madeira\/wp-json\/wp\/v2\/media?parent=7520"}],"wp:term":[{"taxonomy":"category","embeddable":true,"href":"https:\/\/www.torrestir.com\/madeira\/wp-json\/wp\/v2\/categories?post=7520"},{"taxonomy":"post_tag","embeddable":true,"href":"https:\/\/www.torrestir.com\/madeira\/wp-json\/wp\/v2\/tags?post=7520"}],"curies":[{"name":"wp","href":"https:\/\/api.w.org\/{rel}","templated":true}]}}