{"id":1930,"date":"2018-04-12T11:28:52","date_gmt":"2018-04-12T11:28:52","guid":{"rendered":"https:\/\/www.torrestir.com\/?p=1930"},"modified":"2018-04-12T11:28:52","modified_gmt":"2018-04-12T11:28:52","slug":"torrestir-operacao-nariz-vermelho","status":"publish","type":"post","link":"https:\/\/www.torrestir.com\/madeira\/2018\/04\/12\/torrestir-operacao-nariz-vermelho\/","title":{"rendered":"Torrestir na Opera\u00e7\u00e3o Nariz Vermelho"},"content":{"rendered":"<p>O Dia do Nariz Vermelho celebra-se a 1 de Junho e \u00e9 uma iniciativa de sensibiliza\u00e7\u00e3o junto da popula\u00e7\u00e3o para a import\u00e2ncia da solidariedade social e que assume v\u00e1rias formas de angaria\u00e7\u00e3o de fundos que revertem a favor da Opera\u00e7\u00e3o Nariz Vermelho com o objetivo de contribuir para a continuidade da miss\u00e3o de levar alegria \u00e0 crian\u00e7a hospitalizada, aos seus familiares e profissionais de sa\u00fade.<\/p>\n<p class=\"p1\"><img decoding=\"async\" loading=\"lazy\" class=\"circle-image alignnone wp-image-3619 size-full\" src=\"https:\/\/www.torrestir.com\/wp-content\/uploads\/2018\/04\/nariz_verm2.jpg\" alt=\"Opera\u00e7\u00e3o Nariz Vermelho\" width=\"1000\" height=\"628\" srcset=\"https:\/\/www.torrestir.com\/madeira\/wp-content\/uploads\/sites\/4\/2018\/04\/nariz_verm2.jpg 1000w, https:\/\/www.torrestir.com\/madeira\/wp-content\/uploads\/sites\/4\/2018\/04\/nariz_verm2-300x188.jpg 300w, https:\/\/www.torrestir.com\/madeira\/wp-content\/uploads\/sites\/4\/2018\/04\/nariz_verm2-768x482.jpg 768w, https:\/\/www.torrestir.com\/madeira\/wp-content\/uploads\/sites\/4\/2018\/04\/nariz_verm2-600x377.jpg 600w\" sizes=\"(max-width: 1000px) 100vw, 1000px\" \/><\/p>\n\n<p>A Torrestir orgulha-se de fazer parte desta a\u00e7\u00e3o atrav\u00e9s do apoio log\u00edstico na entrega dos kits educativos do Dia do Nariz Vermelho para as escolas inscritas.<\/p>","protected":false},"excerpt":{"rendered":"<p>O Dia do Nariz Vermelho celebra-se a 1 de Junho e \u00e9 uma iniciativa de sensibiliza\u00e7\u00e3o junto da popula\u00e7\u00e3o para a import\u00e2ncia da solidariedade social e que assume v\u00e1rias formas de angaria\u00e7\u00e3o de&#8230;<\/p>\n","protected":false},"author":6,"featured_media":3619,"comment_status":"closed","ping_status":"open","sticky":false,"template":"","format":"standard","meta":{"_uag_custom_page_level_css":""},"categories":[13],"tags":[],"yoast_head":"<!-- This site is optimized with the Yoast SEO plugin v21.1 - https:\/\/yoast.com\/wordpress\/plugins\/seo\/ -->\n<title>Torrestir na Opera\u00e7\u00e3o Nariz Vermelho - Torrestir Madeira<\/title>\n<meta name=\"description\" content=\"A Torrestir orgulha-se de fazer parte desta a\u00e7\u00e3o atrav\u00e9s do apoio log\u00edstico na entrega de kits educativos Dia do Nariz Vermelho para as escolas inscritas.\" \/>\n<meta name=\"robots\" content=\"index, follow, max-snippet:-1, max-image-preview:large, max-video-preview:-1\" \/>\n<link rel=\"canonical\" href=\"https:\/\/www.torrestir.com\/madeira\/2018\/04\/12\/torrestir-operacao-nariz-vermelho\/\" \/>\n<meta property=\"og:locale\" content=\"pt_PT\" \/>\n<meta property=\"og:type\" content=\"article\" \/>\n<meta property=\"og:title\" content=\"Torrestir na Opera\u00e7\u00e3o Nariz Vermelho - Torrestir Madeira\" \/>\n<meta property=\"og:description\" content=\"A Torrestir orgulha-se de fazer parte desta a\u00e7\u00e3o atrav\u00e9s do apoio log\u00edstico na entrega de kits educativos Dia do Nariz Vermelho para as escolas inscritas.\" \/>\n<meta property=\"og:url\" content=\"https:\/\/www.torrestir.com\/madeira\/2018\/04\/12\/torrestir-operacao-nariz-vermelho\/\" \/>\n<meta property=\"og:site_name\" content=\"Torrestir Madeira\" \/>\n<meta property=\"article:published_time\" content=\"2018-04-12T11:28:52+00:00\" \/>\n<meta property=\"og:image\" content=\"http:\/\/www.torrestir.com\/madeira\/wp-content\/uploads\/sites\/4\/2018\/04\/nariz_verm2.jpg\" \/>\n\t<meta property=\"og:image:width\" content=\"1000\" \/>\n\t<meta property=\"og:image:height\" content=\"628\" \/>\n\t<meta property=\"og:image:type\" content=\"image\/jpeg\" \/>\n<meta name=\"author\" content=\"diogofelix\" \/>\n<meta name=\"twitter:card\" content=\"summary_large_image\" \/>\n<meta name=\"twitter:label1\" content=\"Escrito por\" \/>\n\t<meta name=\"twitter:data1\" content=\"diogofelix\" \/>\n\t<meta name=\"twitter:label2\" content=\"Tempo estimado de leitura\" \/>\n\t<meta name=\"twitter:data2\" content=\"1 minuto\" \/>\n<script type=\"application\/ld+json\" class=\"yoast-schema-graph\">{\"@context\":\"https:\/\/schema.org\",\"@graph\":[{\"@type\":\"WebPage\",\"@id\":\"https:\/\/www.torrestir.com\/madeira\/2018\/04\/12\/torrestir-operacao-nariz-vermelho\/\",\"url\":\"https:\/\/www.torrestir.com\/madeira\/2018\/04\/12\/torrestir-operacao-nariz-vermelho\/\",\"name\":\"Torrestir na Opera\u00e7\u00e3o Nariz Vermelho - Torrestir Madeira\",\"isPartOf\":{\"@id\":\"https:\/\/www.torrestir.com\/madeira\/#website\"},\"datePublished\":\"2018-04-12T11:28:52+00:00\",\"dateModified\":\"2018-04-12T11:28:52+00:00\",\"author\":{\"@id\":\"https:\/\/www.torrestir.com\/madeira\/#\/schema\/person\/a897dbbb625aae550897040a735c27d2\"},\"description\":\"A Torrestir orgulha-se de fazer parte desta a\u00e7\u00e3o atrav\u00e9s do apoio log\u00edstico na entrega de kits educativos Dia do Nariz Vermelho para as escolas inscritas.\",\"breadcrumb\":{\"@id\":\"https:\/\/www.torrestir.com\/madeira\/2018\/04\/12\/torrestir-operacao-nariz-vermelho\/#breadcrumb\"},\"inLanguage\":\"pt-PT\",\"potentialAction\":[{\"@type\":\"ReadAction\",\"target\":[\"https:\/\/www.torrestir.com\/madeira\/2018\/04\/12\/torrestir-operacao-nariz-vermelho\/\"]}]},{\"@type\":\"BreadcrumbList\",\"@id\":\"https:\/\/www.torrestir.com\/madeira\/2018\/04\/12\/torrestir-operacao-nariz-vermelho\/#breadcrumb\",\"itemListElement\":[{\"@type\":\"ListItem\",\"position\":1,\"name\":\"In\u00edcio\",\"item\":\"https:\/\/www.torrestir.com\/madeira\/\"},{\"@type\":\"ListItem\",\"position\":2,\"name\":\"Torrestir na Opera\u00e7\u00e3o Nariz Vermelho\"}]},{\"@type\":\"WebSite\",\"@id\":\"https:\/\/www.torrestir.com\/madeira\/#website\",\"url\":\"https:\/\/www.torrestir.com\/madeira\/\",\"name\":\"Torrestir Madeira\",\"description\":\"Sem limites\",\"potentialAction\":[{\"@type\":\"SearchAction\",\"target\":{\"@type\":\"EntryPoint\",\"urlTemplate\":\"https:\/\/www.torrestir.com\/madeira\/?s={search_term_string}\"},\"query-input\":\"required name=search_term_string\"}],\"inLanguage\":\"pt-PT\"},{\"@type\":\"Person\",\"@id\":\"https:\/\/www.torrestir.com\/madeira\/#\/schema\/person\/a897dbbb625aae550897040a735c27d2\",\"name\":\"diogofelix\",\"image\":{\"@type\":\"ImageObject\",\"inLanguage\":\"pt-PT\",\"@id\":\"https:\/\/www.torrestir.com\/madeira\/#\/schema\/person\/image\/\",\"url\":\"https:\/\/secure.gravatar.com\/avatar\/8c96fa216da80efff13817d050c6f581?s=96&d=mm&r=g\",\"contentUrl\":\"https:\/\/secure.gravatar.com\/avatar\/8c96fa216da80efff13817d050c6f581?s=96&d=mm&r=g\",\"caption\":\"diogofelix\"},\"url\":\"https:\/\/www.torrestir.com\/madeira\/author\/diogofelix\/\"}]}<\/script>\n<!-- \/ Yoast SEO plugin. -->","yoast_head_json":{"title":"Torrestir na Opera\u00e7\u00e3o Nariz Vermelho - Torrestir Madeira","description":"A Torrestir orgulha-se de fazer parte desta a\u00e7\u00e3o atrav\u00e9s do apoio log\u00edstico na entrega de kits educativos Dia do Nariz Vermelho para as escolas inscritas.","robots":{"index":"index","follow":"follow","max-snippet":"max-snippet:-1","max-image-preview":"max-image-preview:large","max-video-preview":"max-video-preview:-1"},"canonical":"https:\/\/www.torrestir.com\/madeira\/2018\/04\/12\/torrestir-operacao-nariz-vermelho\/","og_locale":"pt_PT","og_type":"article","og_title":"Torrestir na Opera\u00e7\u00e3o Nariz Vermelho - Torrestir Madeira","og_description":"A Torrestir orgulha-se de fazer parte desta a\u00e7\u00e3o atrav\u00e9s do apoio log\u00edstico na entrega de kits educativos Dia do Nariz Vermelho para as escolas inscritas.","og_url":"https:\/\/www.torrestir.com\/madeira\/2018\/04\/12\/torrestir-operacao-nariz-vermelho\/","og_site_name":"Torrestir Madeira","article_published_time":"2018-04-12T11:28:52+00:00","og_image":[{"width":1000,"height":628,"url":"http:\/\/www.torrestir.com\/madeira\/wp-content\/uploads\/sites\/4\/2018\/04\/nariz_verm2.jpg","type":"image\/jpeg"}],"author":"diogofelix","twitter_card":"summary_large_image","twitter_misc":{"Escrito por":"diogofelix","Tempo estimado de leitura":"1 minuto"},"schema":{"@context":"https:\/\/schema.org","@graph":[{"@type":"WebPage","@id":"https:\/\/www.torrestir.com\/madeira\/2018\/04\/12\/torrestir-operacao-nariz-vermelho\/","url":"https:\/\/www.torrestir.com\/madeira\/2018\/04\/12\/torrestir-operacao-nariz-vermelho\/","name":"Torrestir na Opera\u00e7\u00e3o Nariz Vermelho - Torrestir Madeira","isPartOf":{"@id":"https:\/\/www.torrestir.com\/madeira\/#website"},"datePublished":"2018-04-12T11:28:52+00:00","dateModified":"2018-04-12T11:28:52+00:00","author":{"@id":"https:\/\/www.torrestir.com\/madeira\/#\/schema\/person\/a897dbbb625aae550897040a735c27d2"},"description":"A Torrestir orgulha-se de fazer parte desta a\u00e7\u00e3o atrav\u00e9s do apoio log\u00edstico na entrega de kits educativos Dia do Nariz Vermelho para as escolas inscritas.","breadcrumb":{"@id":"https:\/\/www.torrestir.com\/madeira\/2018\/04\/12\/torrestir-operacao-nariz-vermelho\/#breadcrumb"},"inLanguage":"pt-PT","potentialAction":[{"@type":"ReadAction","target":["https:\/\/www.torrestir.com\/madeira\/2018\/04\/12\/torrestir-operacao-nariz-vermelho\/"]}]},{"@type":"BreadcrumbList","@id":"https:\/\/www.torrestir.com\/madeira\/2018\/04\/12\/torrestir-operacao-nariz-vermelho\/#breadcrumb","itemListElement":[{"@type":"ListItem","position":1,"name":"In\u00edcio","item":"https:\/\/www.torrestir.com\/madeira\/"},{"@type":"ListItem","position":2,"name":"Torrestir na Opera\u00e7\u00e3o Nariz Vermelho"}]},{"@type":"WebSite","@id":"https:\/\/www.torrestir.com\/madeira\/#website","url":"https:\/\/www.torrestir.com\/madeira\/","name":"Torrestir Madeira","description":"Sem limites","potentialAction":[{"@type":"SearchAction","target":{"@type":"EntryPoint","urlTemplate":"https:\/\/www.torrestir.com\/madeira\/?s={search_term_string}"},"query-input":"required name=search_term_string"}],"inLanguage":"pt-PT"},{"@type":"Person","@id":"https:\/\/www.torrestir.com\/madeira\/#\/schema\/person\/a897dbbb625aae550897040a735c27d2","name":"diogofelix","image":{"@type":"ImageObject","inLanguage":"pt-PT","@id":"https:\/\/www.torrestir.com\/madeira\/#\/schema\/person\/image\/","url":"https:\/\/secure.gravatar.com\/avatar\/8c96fa216da80efff13817d050c6f581?s=96&d=mm&r=g","contentUrl":"https:\/\/secure.gravatar.com\/avatar\/8c96fa216da80efff13817d050c6f581?s=96&d=mm&r=g","caption":"diogofelix"},"url":"https:\/\/www.torrestir.com\/madeira\/author\/diogofelix\/"}]}},"uagb_featured_image_src":{"full":["https:\/\/www.torrestir.com\/madeira\/wp-content\/uploads\/sites\/4\/2018\/04\/nariz_verm2.jpg",1000,628,false],"thumbnail":["https:\/\/www.torrestir.com\/madeira\/wp-content\/uploads\/sites\/4\/2018\/04\/nariz_verm2-150x150.jpg",150,150,true],"medium":["https:\/\/www.torrestir.com\/madeira\/wp-content\/uploads\/sites\/4\/2018\/04\/nariz_verm2-300x188.jpg",300,188,true],"medium_large":["https:\/\/www.torrestir.com\/madeira\/wp-content\/uploads\/sites\/4\/2018\/04\/nariz_verm2-768x482.jpg",768,482,true],"large":["https:\/\/www.torrestir.com\/madeira\/wp-content\/uploads\/sites\/4\/2018\/04\/nariz_verm2.jpg",1000,628,false],"timeline-express":["https:\/\/www.torrestir.com\/madeira\/wp-content\/uploads\/sites\/4\/2018\/04\/nariz_verm2-350x120.jpg",350,120,true],"timeline-express-thumbnail":["https:\/\/www.torrestir.com\/madeira\/wp-content\/uploads\/sites\/4\/2018\/04\/nariz_verm2-200x120.jpg",200,120,true],"1536x1536":["https:\/\/www.torrestir.com\/madeira\/wp-content\/uploads\/sites\/4\/2018\/04\/nariz_verm2.jpg",1000,628,false],"2048x2048":["https:\/\/www.torrestir.com\/madeira\/wp-content\/uploads\/sites\/4\/2018\/04\/nariz_verm2.jpg",1000,628,false],"transcargo-image-255x170-croped":["https:\/\/www.torrestir.com\/madeira\/wp-content\/uploads\/sites\/4\/2018\/04\/nariz_verm2-255x170.jpg",255,170,true],"transcargo-image-270x330-croped":["https:\/\/www.torrestir.com\/madeira\/wp-content\/uploads\/sites\/4\/2018\/04\/nariz_verm2-270x330.jpg",270,330,true],"transcargo_image-600x377-croped":["https:\/\/www.torrestir.com\/madeira\/wp-content\/uploads\/sites\/4\/2018\/04\/nariz_verm2-600x377.jpg",600,377,true],"transcargo_image-350x230-croped":["https:\/\/www.torrestir.com\/madeira\/wp-content\/uploads\/sites\/4\/2018\/04\/nariz_verm2-350x230.jpg",350,230,true],"transcargo_image-130x130-croped":["https:\/\/www.torrestir.com\/madeira\/wp-content\/uploads\/sites\/4\/2018\/04\/nariz_verm2-130x130.jpg",130,130,true],"transcargo_image-40x40-croped":["https:\/\/www.torrestir.com\/madeira\/wp-content\/uploads\/sites\/4\/2018\/04\/nariz_verm2-40x40.jpg",40,40,true],"transcargo_image-1600x1024":["https:\/\/www.torrestir.com\/madeira\/wp-content\/uploads\/sites\/4\/2018\/04\/nariz_verm2.jpg",1000,628,false]},"uagb_author_info":{"display_name":"diogofelix","author_link":"https:\/\/www.torrestir.com\/madeira\/author\/diogofelix\/"},"uagb_comment_info":0,"uagb_excerpt":"O Dia do Nariz Vermelho celebra-se a 1 de Junho e \u00e9 uma iniciativa de sensibiliza\u00e7\u00e3o junto da popula\u00e7\u00e3o para a import\u00e2ncia da solidariedade social e que assume v\u00e1rias formas de angaria\u00e7\u00e3o de...","_links":{"self":[{"href":"https:\/\/www.torrestir.com\/madeira\/wp-json\/wp\/v2\/posts\/1930"}],"collection":[{"href":"https:\/\/www.torrestir.com\/madeira\/wp-json\/wp\/v2\/posts"}],"about":[{"href":"https:\/\/www.torrestir.com\/madeira\/wp-json\/wp\/v2\/types\/post"}],"author":[{"embeddable":true,"href":"https:\/\/www.torrestir.com\/madeira\/wp-json\/wp\/v2\/users\/6"}],"replies":[{"embeddable":true,"href":"https:\/\/www.torrestir.com\/madeira\/wp-json\/wp\/v2\/comments?post=1930"}],"version-history":[{"count":0,"href":"https:\/\/www.torrestir.com\/madeira\/wp-json\/wp\/v2\/posts\/1930\/revisions"}],"wp:featuredmedia":[{"embeddable":true,"href":"https:\/\/www.torrestir.com\/madeira\/wp-json\/wp\/v2\/media\/3619"}],"wp:attachment":[{"href":"https:\/\/www.torrestir.com\/madeira\/wp-json\/wp\/v2\/media?parent=1930"}],"wp:term":[{"taxonomy":"category","embeddable":true,"href":"https:\/\/www.torrestir.com\/madeira\/wp-json\/wp\/v2\/categories?post=1930"},{"taxonomy":"post_tag","embeddable":true,"href":"https:\/\/www.torrestir.com\/madeira\/wp-json\/wp\/v2\/tags?post=1930"}],"curies":[{"name":"wp","href":"https:\/\/api.w.org\/{rel}","templated":true}]}}