{"id":7517,"date":"2023-01-27T10:45:44","date_gmt":"2023-01-27T09:45:44","guid":{"rendered":"https:\/\/www.torrestir.com\/?p=7517"},"modified":"2023-01-27T10:45:44","modified_gmt":"2023-01-27T09:45:44","slug":"pacto-mais-e-melhores-empregos-para-os-jovens","status":"publish","type":"post","link":"https:\/\/www.torrestir.com\/acores\/2023\/01\/27\/pacto-mais-e-melhores-empregos-para-os-jovens\/","title":{"rendered":"Pacto Mais e Melhores Empregos para os Jovens"},"content":{"rendered":"<p>Comprometidos com as novas gera\u00e7\u00f5es e na sequ\u00eancia do forte sentido de responsabilidade social que sempre pautou a nossa atividade, \u00e9 com orgulho que anunciamos que a <strong>Torrestir<\/strong> \u00e9 uma das 50 empresas que assinou o <strong>\u201cPacto Mais e Melhores Empregos para os Jovens\u201d<\/strong>, promovido pela Funda\u00e7\u00e3o Jos\u00e9 Neves.<\/p>\n<p>Com o Alto Patroc\u00ednio de Sua Excel\u00eancia o Presidente da Rep\u00fablica Portuguesa, <strong>Marcelo Rebelo de Sousa<\/strong>, este pacto tem como objetivo operar uma mudan\u00e7a real no atual contexto de vulnerabilidade associado ao emprego dos jovens. At\u00e9 2026, as entidades signat\u00e1rias comprometem-se a refor\u00e7ar a aposta em diversos indicadores, nomeadamente a contratar e a reter jovens trabalhadores, a garantir emprego de qualidade para os jovens, a formar, desenvolver e a dar voz aos jovens. Juntos somos mais fortes e rumamos a um futuro que d\u00e1 voz aos novos talentos!<\/p>\n<p>&nbsp;<\/p>\n<p><img decoding=\"async\" loading=\"lazy\" class=\"aligncenter wp-image-7518 size-full\" src=\"https:\/\/www.torrestir.com\/wp-content\/uploads\/2023\/03\/2.png\" alt=\"\" width=\"1000\" height=\"628\" srcset=\"https:\/\/www.torrestir.com\/acores\/wp-content\/uploads\/sites\/5\/2023\/03\/2.png 1000w, https:\/\/www.torrestir.com\/acores\/wp-content\/uploads\/sites\/5\/2023\/03\/2-300x188.png 300w, https:\/\/www.torrestir.com\/acores\/wp-content\/uploads\/sites\/5\/2023\/03\/2-768x482.png 768w, https:\/\/www.torrestir.com\/acores\/wp-content\/uploads\/sites\/5\/2023\/03\/2-600x377.png 600w\" sizes=\"(max-width: 1000px) 100vw, 1000px\" \/><\/p>\n<!-- Invalid template ID -->\n","protected":false},"excerpt":{"rendered":"<p>\u00c9 com orgulho que anunciamos que a Torrestir \u00e9 uma das 50 empresas que assinou o \u201cPacto Mais e Melhores Empregos para os Jovens\u201d, promovido pela Funda\u00e7\u00e3o Jos\u00e9 Neves.<\/p>\n","protected":false},"author":6,"featured_media":7518,"comment_status":"closed","ping_status":"open","sticky":false,"template":"","format":"standard","meta":{"_uag_custom_page_level_css":""},"categories":[2],"tags":[276,278,169],"yoast_head":"<!-- This site is optimized with the Yoast SEO plugin v21.1 - https:\/\/yoast.com\/wordpress\/plugins\/seo\/ -->\n<title>Pacto Mais e Melhores Empregos para os Jovens - Torrestir A\u00e7ores<\/title>\n<meta name=\"description\" content=\"\u00c9 com orgulho que anunciamos que a Torrestir \u00e9 uma das 50 empresas que assinou o \u201cPacto Mais e Melhores Empregos para os Jovens\u201d, promovido pela Funda\u00e7\u00e3o Jos\u00e9 Neves.\" \/>\n<meta name=\"robots\" content=\"index, follow, max-snippet:-1, max-image-preview:large, max-video-preview:-1\" \/>\n<link rel=\"canonical\" href=\"https:\/\/www.torrestir.com\/acores\/2023\/01\/27\/pacto-mais-e-melhores-empregos-para-os-jovens\/\" \/>\n<meta property=\"og:locale\" content=\"pt_PT\" \/>\n<meta property=\"og:type\" content=\"article\" \/>\n<meta property=\"og:title\" content=\"Pacto Mais e Melhores Empregos para os Jovens - Torrestir A\u00e7ores\" \/>\n<meta property=\"og:description\" content=\"\u00c9 com orgulho que anunciamos que a Torrestir \u00e9 uma das 50 empresas que assinou o \u201cPacto Mais e Melhores Empregos para os Jovens\u201d, promovido pela Funda\u00e7\u00e3o Jos\u00e9 Neves.\" \/>\n<meta property=\"og:url\" content=\"https:\/\/www.torrestir.com\/acores\/2023\/01\/27\/pacto-mais-e-melhores-empregos-para-os-jovens\/\" \/>\n<meta property=\"og:site_name\" content=\"Torrestir A\u00e7ores\" \/>\n<meta property=\"article:published_time\" content=\"2023-01-27T09:45:44+00:00\" \/>\n<meta property=\"og:image\" content=\"http:\/\/www.torrestir.com\/acores\/wp-content\/uploads\/sites\/5\/2023\/03\/2.png\" \/>\n\t<meta property=\"og:image:width\" content=\"1000\" \/>\n\t<meta property=\"og:image:height\" content=\"628\" \/>\n\t<meta property=\"og:image:type\" content=\"image\/png\" \/>\n<meta name=\"author\" content=\"diogofelix\" \/>\n<meta name=\"twitter:card\" content=\"summary_large_image\" \/>\n<meta name=\"twitter:label1\" content=\"Escrito por\" \/>\n\t<meta name=\"twitter:data1\" content=\"diogofelix\" \/>\n\t<meta name=\"twitter:label2\" content=\"Tempo estimado de leitura\" \/>\n\t<meta name=\"twitter:data2\" content=\"1 minuto\" \/>\n<script type=\"application\/ld+json\" class=\"yoast-schema-graph\">{\"@context\":\"https:\/\/schema.org\",\"@graph\":[{\"@type\":\"WebPage\",\"@id\":\"https:\/\/www.torrestir.com\/acores\/2023\/01\/27\/pacto-mais-e-melhores-empregos-para-os-jovens\/\",\"url\":\"https:\/\/www.torrestir.com\/acores\/2023\/01\/27\/pacto-mais-e-melhores-empregos-para-os-jovens\/\",\"name\":\"Pacto Mais e Melhores Empregos para os Jovens - Torrestir A\u00e7ores\",\"isPartOf\":{\"@id\":\"https:\/\/www.torrestir.com\/acores\/#website\"},\"datePublished\":\"2023-01-27T09:45:44+00:00\",\"dateModified\":\"2023-01-27T09:45:44+00:00\",\"author\":{\"@id\":\"https:\/\/www.torrestir.com\/acores\/#\/schema\/person\/a897dbbb625aae550897040a735c27d2\"},\"description\":\"\u00c9 com orgulho que anunciamos que a Torrestir \u00e9 uma das 50 empresas que assinou o \u201cPacto Mais e Melhores Empregos para os Jovens\u201d, promovido pela Funda\u00e7\u00e3o Jos\u00e9 Neves.\",\"breadcrumb\":{\"@id\":\"https:\/\/www.torrestir.com\/acores\/2023\/01\/27\/pacto-mais-e-melhores-empregos-para-os-jovens\/#breadcrumb\"},\"inLanguage\":\"pt-PT\",\"potentialAction\":[{\"@type\":\"ReadAction\",\"target\":[\"https:\/\/www.torrestir.com\/acores\/2023\/01\/27\/pacto-mais-e-melhores-empregos-para-os-jovens\/\"]}]},{\"@type\":\"BreadcrumbList\",\"@id\":\"https:\/\/www.torrestir.com\/acores\/2023\/01\/27\/pacto-mais-e-melhores-empregos-para-os-jovens\/#breadcrumb\",\"itemListElement\":[{\"@type\":\"ListItem\",\"position\":1,\"name\":\"In\u00edcio\",\"item\":\"https:\/\/www.torrestir.com\/acores\/\"},{\"@type\":\"ListItem\",\"position\":2,\"name\":\"Pacto Mais e Melhores Empregos para os Jovens\"}]},{\"@type\":\"WebSite\",\"@id\":\"https:\/\/www.torrestir.com\/acores\/#website\",\"url\":\"https:\/\/www.torrestir.com\/acores\/\",\"name\":\"Torrestir A\u00e7ores\",\"description\":\"Sem limites\",\"potentialAction\":[{\"@type\":\"SearchAction\",\"target\":{\"@type\":\"EntryPoint\",\"urlTemplate\":\"https:\/\/www.torrestir.com\/acores\/?s={search_term_string}\"},\"query-input\":\"required name=search_term_string\"}],\"inLanguage\":\"pt-PT\"},{\"@type\":\"Person\",\"@id\":\"https:\/\/www.torrestir.com\/acores\/#\/schema\/person\/a897dbbb625aae550897040a735c27d2\",\"name\":\"diogofelix\",\"image\":{\"@type\":\"ImageObject\",\"inLanguage\":\"pt-PT\",\"@id\":\"https:\/\/www.torrestir.com\/acores\/#\/schema\/person\/image\/\",\"url\":\"https:\/\/secure.gravatar.com\/avatar\/8c96fa216da80efff13817d050c6f581?s=96&d=mm&r=g\",\"contentUrl\":\"https:\/\/secure.gravatar.com\/avatar\/8c96fa216da80efff13817d050c6f581?s=96&d=mm&r=g\",\"caption\":\"diogofelix\"},\"url\":\"https:\/\/www.torrestir.com\/acores\/author\/diogofelix\/\"}]}<\/script>\n<!-- \/ Yoast SEO plugin. -->","yoast_head_json":{"title":"Pacto Mais e Melhores Empregos para os Jovens - Torrestir A\u00e7ores","description":"\u00c9 com orgulho que anunciamos que a Torrestir \u00e9 uma das 50 empresas que assinou o \u201cPacto Mais e Melhores Empregos para os Jovens\u201d, promovido pela Funda\u00e7\u00e3o Jos\u00e9 Neves.","robots":{"index":"index","follow":"follow","max-snippet":"max-snippet:-1","max-image-preview":"max-image-preview:large","max-video-preview":"max-video-preview:-1"},"canonical":"https:\/\/www.torrestir.com\/acores\/2023\/01\/27\/pacto-mais-e-melhores-empregos-para-os-jovens\/","og_locale":"pt_PT","og_type":"article","og_title":"Pacto Mais e Melhores Empregos para os Jovens - Torrestir A\u00e7ores","og_description":"\u00c9 com orgulho que anunciamos que a Torrestir \u00e9 uma das 50 empresas que assinou o \u201cPacto Mais e Melhores Empregos para os Jovens\u201d, promovido pela Funda\u00e7\u00e3o Jos\u00e9 Neves.","og_url":"https:\/\/www.torrestir.com\/acores\/2023\/01\/27\/pacto-mais-e-melhores-empregos-para-os-jovens\/","og_site_name":"Torrestir A\u00e7ores","article_published_time":"2023-01-27T09:45:44+00:00","og_image":[{"width":1000,"height":628,"url":"http:\/\/www.torrestir.com\/acores\/wp-content\/uploads\/sites\/5\/2023\/03\/2.png","type":"image\/png"}],"author":"diogofelix","twitter_card":"summary_large_image","twitter_misc":{"Escrito por":"diogofelix","Tempo estimado de leitura":"1 minuto"},"schema":{"@context":"https:\/\/schema.org","@graph":[{"@type":"WebPage","@id":"https:\/\/www.torrestir.com\/acores\/2023\/01\/27\/pacto-mais-e-melhores-empregos-para-os-jovens\/","url":"https:\/\/www.torrestir.com\/acores\/2023\/01\/27\/pacto-mais-e-melhores-empregos-para-os-jovens\/","name":"Pacto Mais e Melhores Empregos para os Jovens - Torrestir A\u00e7ores","isPartOf":{"@id":"https:\/\/www.torrestir.com\/acores\/#website"},"datePublished":"2023-01-27T09:45:44+00:00","dateModified":"2023-01-27T09:45:44+00:00","author":{"@id":"https:\/\/www.torrestir.com\/acores\/#\/schema\/person\/a897dbbb625aae550897040a735c27d2"},"description":"\u00c9 com orgulho que anunciamos que a Torrestir \u00e9 uma das 50 empresas que assinou o \u201cPacto Mais e Melhores Empregos para os Jovens\u201d, promovido pela Funda\u00e7\u00e3o Jos\u00e9 Neves.","breadcrumb":{"@id":"https:\/\/www.torrestir.com\/acores\/2023\/01\/27\/pacto-mais-e-melhores-empregos-para-os-jovens\/#breadcrumb"},"inLanguage":"pt-PT","potentialAction":[{"@type":"ReadAction","target":["https:\/\/www.torrestir.com\/acores\/2023\/01\/27\/pacto-mais-e-melhores-empregos-para-os-jovens\/"]}]},{"@type":"BreadcrumbList","@id":"https:\/\/www.torrestir.com\/acores\/2023\/01\/27\/pacto-mais-e-melhores-empregos-para-os-jovens\/#breadcrumb","itemListElement":[{"@type":"ListItem","position":1,"name":"In\u00edcio","item":"https:\/\/www.torrestir.com\/acores\/"},{"@type":"ListItem","position":2,"name":"Pacto Mais e Melhores Empregos para os Jovens"}]},{"@type":"WebSite","@id":"https:\/\/www.torrestir.com\/acores\/#website","url":"https:\/\/www.torrestir.com\/acores\/","name":"Torrestir A\u00e7ores","description":"Sem limites","potentialAction":[{"@type":"SearchAction","target":{"@type":"EntryPoint","urlTemplate":"https:\/\/www.torrestir.com\/acores\/?s={search_term_string}"},"query-input":"required name=search_term_string"}],"inLanguage":"pt-PT"},{"@type":"Person","@id":"https:\/\/www.torrestir.com\/acores\/#\/schema\/person\/a897dbbb625aae550897040a735c27d2","name":"diogofelix","image":{"@type":"ImageObject","inLanguage":"pt-PT","@id":"https:\/\/www.torrestir.com\/acores\/#\/schema\/person\/image\/","url":"https:\/\/secure.gravatar.com\/avatar\/8c96fa216da80efff13817d050c6f581?s=96&d=mm&r=g","contentUrl":"https:\/\/secure.gravatar.com\/avatar\/8c96fa216da80efff13817d050c6f581?s=96&d=mm&r=g","caption":"diogofelix"},"url":"https:\/\/www.torrestir.com\/acores\/author\/diogofelix\/"}]}},"uagb_featured_image_src":{"full":["https:\/\/www.torrestir.com\/acores\/wp-content\/uploads\/sites\/5\/2023\/03\/2.png",1000,628,false],"thumbnail":["https:\/\/www.torrestir.com\/acores\/wp-content\/uploads\/sites\/5\/2023\/03\/2-150x150.png",150,150,true],"medium":["https:\/\/www.torrestir.com\/acores\/wp-content\/uploads\/sites\/5\/2023\/03\/2-300x188.png",300,188,true],"medium_large":["https:\/\/www.torrestir.com\/acores\/wp-content\/uploads\/sites\/5\/2023\/03\/2-768x482.png",768,482,true],"large":["https:\/\/www.torrestir.com\/acores\/wp-content\/uploads\/sites\/5\/2023\/03\/2.png",1000,628,false],"timeline-express":["https:\/\/www.torrestir.com\/acores\/wp-content\/uploads\/sites\/5\/2023\/03\/2-350x120.png",350,120,true],"timeline-express-thumbnail":["https:\/\/www.torrestir.com\/acores\/wp-content\/uploads\/sites\/5\/2023\/03\/2-200x120.png",200,120,true],"1536x1536":["https:\/\/www.torrestir.com\/acores\/wp-content\/uploads\/sites\/5\/2023\/03\/2.png",1000,628,false],"2048x2048":["https:\/\/www.torrestir.com\/acores\/wp-content\/uploads\/sites\/5\/2023\/03\/2.png",1000,628,false],"transcargo-image-255x170-croped":["https:\/\/www.torrestir.com\/acores\/wp-content\/uploads\/sites\/5\/2023\/03\/2-255x170.png",255,170,true],"transcargo-image-270x330-croped":["https:\/\/www.torrestir.com\/acores\/wp-content\/uploads\/sites\/5\/2023\/03\/2-270x330.png",270,330,true],"transcargo_image-600x377-croped":["https:\/\/www.torrestir.com\/acores\/wp-content\/uploads\/sites\/5\/2023\/03\/2-600x377.png",600,377,true],"transcargo_image-350x230-croped":["https:\/\/www.torrestir.com\/acores\/wp-content\/uploads\/sites\/5\/2023\/03\/2-350x230.png",350,230,true],"transcargo_image-130x130-croped":["https:\/\/www.torrestir.com\/acores\/wp-content\/uploads\/sites\/5\/2023\/03\/2-130x130.png",130,130,true],"transcargo_image-40x40-croped":["https:\/\/www.torrestir.com\/acores\/wp-content\/uploads\/sites\/5\/2023\/03\/2-40x40.png",40,40,true],"transcargo_image-1600x1024":["https:\/\/www.torrestir.com\/acores\/wp-content\/uploads\/sites\/5\/2023\/03\/2.png",1000,628,false]},"uagb_author_info":{"display_name":"diogofelix","author_link":"https:\/\/www.torrestir.com\/acores\/author\/diogofelix\/"},"uagb_comment_info":0,"uagb_excerpt":"\u00c9 com orgulho que anunciamos que a Torrestir \u00e9 uma das 50 empresas que assinou o \u201cPacto Mais e Melhores Empregos para os Jovens\u201d, promovido pela Funda\u00e7\u00e3o Jos\u00e9 Neves.","_links":{"self":[{"href":"https:\/\/www.torrestir.com\/acores\/wp-json\/wp\/v2\/posts\/7517"}],"collection":[{"href":"https:\/\/www.torrestir.com\/acores\/wp-json\/wp\/v2\/posts"}],"about":[{"href":"https:\/\/www.torrestir.com\/acores\/wp-json\/wp\/v2\/types\/post"}],"author":[{"embeddable":true,"href":"https:\/\/www.torrestir.com\/acores\/wp-json\/wp\/v2\/users\/6"}],"replies":[{"embeddable":true,"href":"https:\/\/www.torrestir.com\/acores\/wp-json\/wp\/v2\/comments?post=7517"}],"version-history":[{"count":0,"href":"https:\/\/www.torrestir.com\/acores\/wp-json\/wp\/v2\/posts\/7517\/revisions"}],"wp:featuredmedia":[{"embeddable":true,"href":"https:\/\/www.torrestir.com\/acores\/wp-json\/wp\/v2\/media\/7518"}],"wp:attachment":[{"href":"https:\/\/www.torrestir.com\/acores\/wp-json\/wp\/v2\/media?parent=7517"}],"wp:term":[{"taxonomy":"category","embeddable":true,"href":"https:\/\/www.torrestir.com\/acores\/wp-json\/wp\/v2\/categories?post=7517"},{"taxonomy":"post_tag","embeddable":true,"href":"https:\/\/www.torrestir.com\/acores\/wp-json\/wp\/v2\/tags?post=7517"}],"curies":[{"name":"wp","href":"https:\/\/api.w.org\/{rel}","templated":true}]}}