{"id":4790,"date":"2021-04-30T17:51:01","date_gmt":"2021-04-30T16:51:01","guid":{"rendered":"https:\/\/www.torrestir.com\/?p=4790"},"modified":"2021-04-30T17:51:01","modified_gmt":"2021-04-30T16:51:01","slug":"torrestir-reforca-parceria-com-raben","status":"publish","type":"post","link":"https:\/\/www.torrestir.com\/acores\/2021\/04\/30\/torrestir-reforca-parceria-com-raben\/","title":{"rendered":"Torrestir Refor\u00e7a Parceria com Raben"},"content":{"rendered":"<p><img decoding=\"async\" loading=\"lazy\" class=\"circle-image alignnone size-full wp-image-4793\" src=\"https:\/\/www.torrestir.com\/wp-content\/uploads\/2021\/04\/raben.jpg\" alt=\"Parceria Raben\" width=\"1000\" height=\"628\" srcset=\"https:\/\/www.torrestir.com\/acores\/wp-content\/uploads\/sites\/5\/2021\/04\/raben.jpg 1000w, https:\/\/www.torrestir.com\/acores\/wp-content\/uploads\/sites\/5\/2021\/04\/raben-300x188.jpg 300w, https:\/\/www.torrestir.com\/acores\/wp-content\/uploads\/sites\/5\/2021\/04\/raben-768x482.jpg 768w, https:\/\/www.torrestir.com\/acores\/wp-content\/uploads\/sites\/5\/2021\/04\/raben-600x377.jpg 600w\" sizes=\"(max-width: 1000px) 100vw, 1000px\" \/><\/p>\n<p>Comunicado imprensa<\/p>\n<p>Braga, 30 Abril 2021<\/p>\n<p><strong>Torrestir estabelece conex\u00f5es di\u00e1rias desde a Alemanha e bissemanais no sentido inverso<\/strong><br \/>\nO operador log\u00edstico Portugu\u00eas expande a sua network terrestre com uma nova parceria com o grupo Raben<\/p>\n<p>A Torrestir transit\u00e1rios expande a sua network terrestre internacional, juntando ao portf\u00f3lio existente, uma das empresas l\u00edderes no mercado Alem\u00e3o. A partir de 1 de Maio, o prestador de servi\u00e7os log\u00edsticos, vai oferecer liga\u00e7\u00f5es di\u00e1rias de toda a Alemanha para Portugal, contando para isso, com uma parceria exclusiva com o grupo Raben. Complementando as rotas j\u00e1 estabelecidas, a nova conex\u00e3o com a Alemanha atrav\u00e9s do grupo Raben, permitir\u00e1 usufruir de toda a sua network tamb\u00e9m no Leste Europeu garantindo desta forma, conex\u00f5es r\u00e1pidas e eficientes ao longo de toda a cadeia de abastecimento.<\/p>\n<p>O Grupo Raben organiza os transportes atrav\u00e9s do conceito de distribui\u00e7\u00e3o capilar tornado o novo produto atrativo para a ind\u00fastria autom\u00f3vel, cujas cadeias log\u00edsticas s\u00e3o frequentemente caracterizadas por entregas just-in-time em pequena escala muitas vezes sob alta press\u00e3o de tempo, mas simultaneamente atrativa para os setores do cal\u00e7ado e t\u00eaxtil, salvaguardando ainda a acessibilidade ao produto para as empresas que lidam com material ADR.<\/p>\n<p>O Grupo Raben possui 39 filiais na Alemanha, garantindo um manuseamento log\u00edstico r\u00e1pido e eficiente com mais de 300.000 m2 de \u00e1rea de armaz\u00e9m.<\/p>\n<p><strong>&#8220;A nova coopera\u00e7\u00e3o com a Torrestir refor\u00e7a o nosso tr\u00e1fego direto para Portugal. Devido \u00e0 nossa rede de carga geral, temos agora a possibilidade de transportar mercadorias de v\u00e1rios pa\u00edses europeus diretamente para a Pen\u00ednsula Ib\u00e9rica&#8221;<\/strong>, afirma Markus Schmitz, Business Manager International Freight Raben.<\/p>\n<p>A partir de maio, os clientes v\u00e3o poder beneficiar desta liga\u00e7\u00e3o com a garantia \u00fanica no mercado de todo o processo ser gerido dentro de uma network. Isso \u00e9 poss\u00edvel gra\u00e7as \u00e0 coopera\u00e7\u00e3o com a Raben pois ambos os parceiros produzem as entregas e recolhas aos destinat\u00e1rios dentro da sua pr\u00f3pria rede, com os sues pr\u00f3prios armaz\u00e9ns, ve\u00edculos, colaboradores e sistemas inform\u00e1ticos.<\/p>\n<blockquote><p>\u201cEstamos muito felizes com esta nova parceria com a Raben, pois a hist\u00f3ria e os valores das empresas s\u00e3o semelhantes e combinam. Desta forma, oferecemos aos nossos clientes um servi\u00e7o personalizado e de primeira classe. O Sistema de distribui\u00e7\u00e3o pr\u00f3prio do Grupo Raben e a sua forte posi\u00e7\u00e3o no mercado alem\u00e3o aliado a um elevado n\u00edvel de tr\u00e1fego j\u00e1 existente e o seu foco e desejo de desenvolver o tr\u00e1fego de e para Portugal, tornaram a empresa um parceiro ideal \u201d, afirma o CEO da Torrestir, Luis Torres.<\/p><\/blockquote>\n<p>O Director-Geral da Raben, Ewald Raben, acrescenta:<\/p>\n<blockquote><p>\u201cEstamos muito satisfeitos por ter a Torrestir, l\u00edder do mercado portugu\u00eas, ao nosso lado. O vasto portf\u00f3lio de produtos e a qualidade de servi\u00e7o diferenciada s\u00e3o ideais para n\u00f3s. Com a sua aposta profissional nas necessidades dos clientes, o novo parceiro, tamb\u00e9m familiar, permite-nos trabalhar juntos na perfei\u00e7\u00e3o e obter tempos de tr\u00e2nsito \u00f3timos. &#8220;<\/p><\/blockquote>\n<p><strong>A nova parceria garante uma r\u00e1pida e fi\u00e1vel gest\u00e3o das cadeias log\u00edsticas<\/strong><br \/>\nO transporte entre as plataformas Raben e Torrestir, ter\u00e1 uma regularidade di\u00e1ria desde a Alemanha e contar\u00e1 com 3 sa\u00eddas desde Portugal, dessas plataformas, os envios entrar\u00e3o nas suas redes pr\u00f3prias de distribui\u00e7\u00e3o.<\/p>\n<blockquote><p>&#8220;Todas as recolhas e entregas ser\u00e3o efetuadas pelas redes de distribui\u00e7\u00e3o da Torrestir\/Raben, o que nos permite usufruir da confian\u00e7a de prestar um servi\u00e7o atrav\u00e9s dos nossos pr\u00f3prios ve\u00edculos, dos nossos pr\u00f3prios colaboradores e motoristas, n\u00e3o dependendo de subcontrata\u00e7\u00e3o de terceiros,&#8221; explica Markus Schmitz .<\/p><\/blockquote>\n<p>Helder Silva, Diretor Geral da Torrestir Transit\u00e1rios enfatiza a alta frequ\u00eancia do produto, com sa\u00eddas di\u00e1rias e o lead-time de 5 dias porta-a-porta:<br \/>\n&#8220;A capacidade da network local das duas empresas, assente nos mesmos princ\u00edpios de meios pr\u00f3prios, possibilitando quer a first quer a last mile de forma independente, aliado a uma conex\u00e3o di\u00e1ria Alemanha-Portugal efetuada pela frota Torrestir, equipada com 2 motoristas e capacidade para ADR, apresentar\u00e1 ao mercado, sem qualquer d\u00favida um produto \u00fanico e incompar\u00e1vel at\u00e9 \u00e0, com um n\u00edvel de fiabilidade, seguran\u00e7a e rapidez de informa\u00e7\u00e3o que por si s\u00f3 demonstram o que de melhor se pode fazer em termos de inova\u00e7\u00e3o dentro de cadeias log\u00edsticas.\u201d<\/p>\n","protected":false},"excerpt":{"rendered":"<p>A Torrestir expande a sua network terrestre com uma nova parceria com o grupo Raben, estabelecendo conex\u00f5es di\u00e1rias desde a Alemanha.<\/p>\n","protected":false},"author":6,"featured_media":4793,"comment_status":"closed","ping_status":"open","sticky":false,"template":"","format":"standard","meta":{"_uag_custom_page_level_css":""},"categories":[2],"tags":[],"yoast_head":"<!-- This site is optimized with the Yoast SEO plugin v21.1 - https:\/\/yoast.com\/wordpress\/plugins\/seo\/ -->\n<title>Torrestir Refor\u00e7a Parceria com Raben - Torrestir A\u00e7ores<\/title>\n<meta name=\"description\" content=\"A Torrestir expande a sua network terrestre com uma nova parceria com o grupo Raben, estabelecendo conex\u00f5es di\u00e1rias desde a Alemanha.\" \/>\n<meta name=\"robots\" content=\"index, follow, max-snippet:-1, max-image-preview:large, max-video-preview:-1\" \/>\n<link rel=\"canonical\" href=\"https:\/\/www.torrestir.com\/acores\/2021\/04\/30\/torrestir-reforca-parceria-com-raben\/\" \/>\n<meta property=\"og:locale\" content=\"pt_PT\" \/>\n<meta property=\"og:type\" content=\"article\" \/>\n<meta property=\"og:title\" content=\"Torrestir Refor\u00e7a Parceria com Raben - Torrestir A\u00e7ores\" \/>\n<meta property=\"og:description\" content=\"A Torrestir expande a sua network terrestre com uma nova parceria com o grupo Raben, estabelecendo conex\u00f5es di\u00e1rias desde a Alemanha.\" \/>\n<meta property=\"og:url\" content=\"https:\/\/www.torrestir.com\/acores\/2021\/04\/30\/torrestir-reforca-parceria-com-raben\/\" \/>\n<meta property=\"og:site_name\" content=\"Torrestir A\u00e7ores\" \/>\n<meta property=\"article:published_time\" content=\"2021-04-30T16:51:01+00:00\" \/>\n<meta property=\"og:image\" content=\"http:\/\/www.torrestir.com\/acores\/wp-content\/uploads\/sites\/5\/2021\/04\/raben.jpg\" \/>\n\t<meta property=\"og:image:width\" content=\"1000\" \/>\n\t<meta property=\"og:image:height\" content=\"628\" \/>\n\t<meta property=\"og:image:type\" content=\"image\/jpeg\" \/>\n<meta name=\"author\" content=\"diogofelix\" \/>\n<meta name=\"twitter:card\" content=\"summary_large_image\" \/>\n<meta name=\"twitter:label1\" content=\"Escrito por\" \/>\n\t<meta name=\"twitter:data1\" content=\"diogofelix\" \/>\n\t<meta name=\"twitter:label2\" content=\"Tempo estimado de leitura\" \/>\n\t<meta name=\"twitter:data2\" content=\"4 minutos\" \/>\n<script type=\"application\/ld+json\" class=\"yoast-schema-graph\">{\"@context\":\"https:\/\/schema.org\",\"@graph\":[{\"@type\":\"WebPage\",\"@id\":\"https:\/\/www.torrestir.com\/acores\/2021\/04\/30\/torrestir-reforca-parceria-com-raben\/\",\"url\":\"https:\/\/www.torrestir.com\/acores\/2021\/04\/30\/torrestir-reforca-parceria-com-raben\/\",\"name\":\"Torrestir Refor\u00e7a Parceria com Raben - Torrestir A\u00e7ores\",\"isPartOf\":{\"@id\":\"https:\/\/www.torrestir.com\/acores\/#website\"},\"datePublished\":\"2021-04-30T16:51:01+00:00\",\"dateModified\":\"2021-04-30T16:51:01+00:00\",\"author\":{\"@id\":\"https:\/\/www.torrestir.com\/acores\/#\/schema\/person\/a897dbbb625aae550897040a735c27d2\"},\"description\":\"A Torrestir expande a sua network terrestre com uma nova parceria com o grupo Raben, estabelecendo conex\u00f5es di\u00e1rias desde a Alemanha.\",\"breadcrumb\":{\"@id\":\"https:\/\/www.torrestir.com\/acores\/2021\/04\/30\/torrestir-reforca-parceria-com-raben\/#breadcrumb\"},\"inLanguage\":\"pt-PT\",\"potentialAction\":[{\"@type\":\"ReadAction\",\"target\":[\"https:\/\/www.torrestir.com\/acores\/2021\/04\/30\/torrestir-reforca-parceria-com-raben\/\"]}]},{\"@type\":\"BreadcrumbList\",\"@id\":\"https:\/\/www.torrestir.com\/acores\/2021\/04\/30\/torrestir-reforca-parceria-com-raben\/#breadcrumb\",\"itemListElement\":[{\"@type\":\"ListItem\",\"position\":1,\"name\":\"In\u00edcio\",\"item\":\"https:\/\/www.torrestir.com\/acores\/\"},{\"@type\":\"ListItem\",\"position\":2,\"name\":\"Torrestir Refor\u00e7a Parceria com Raben\"}]},{\"@type\":\"WebSite\",\"@id\":\"https:\/\/www.torrestir.com\/acores\/#website\",\"url\":\"https:\/\/www.torrestir.com\/acores\/\",\"name\":\"Torrestir A\u00e7ores\",\"description\":\"Sem limites\",\"potentialAction\":[{\"@type\":\"SearchAction\",\"target\":{\"@type\":\"EntryPoint\",\"urlTemplate\":\"https:\/\/www.torrestir.com\/acores\/?s={search_term_string}\"},\"query-input\":\"required name=search_term_string\"}],\"inLanguage\":\"pt-PT\"},{\"@type\":\"Person\",\"@id\":\"https:\/\/www.torrestir.com\/acores\/#\/schema\/person\/a897dbbb625aae550897040a735c27d2\",\"name\":\"diogofelix\",\"image\":{\"@type\":\"ImageObject\",\"inLanguage\":\"pt-PT\",\"@id\":\"https:\/\/www.torrestir.com\/acores\/#\/schema\/person\/image\/\",\"url\":\"https:\/\/secure.gravatar.com\/avatar\/8c96fa216da80efff13817d050c6f581?s=96&d=mm&r=g\",\"contentUrl\":\"https:\/\/secure.gravatar.com\/avatar\/8c96fa216da80efff13817d050c6f581?s=96&d=mm&r=g\",\"caption\":\"diogofelix\"},\"url\":\"https:\/\/www.torrestir.com\/acores\/author\/diogofelix\/\"}]}<\/script>\n<!-- \/ Yoast SEO plugin. -->","yoast_head_json":{"title":"Torrestir Refor\u00e7a Parceria com Raben - Torrestir A\u00e7ores","description":"A Torrestir expande a sua network terrestre com uma nova parceria com o grupo Raben, estabelecendo conex\u00f5es di\u00e1rias desde a Alemanha.","robots":{"index":"index","follow":"follow","max-snippet":"max-snippet:-1","max-image-preview":"max-image-preview:large","max-video-preview":"max-video-preview:-1"},"canonical":"https:\/\/www.torrestir.com\/acores\/2021\/04\/30\/torrestir-reforca-parceria-com-raben\/","og_locale":"pt_PT","og_type":"article","og_title":"Torrestir Refor\u00e7a Parceria com Raben - Torrestir A\u00e7ores","og_description":"A Torrestir expande a sua network terrestre com uma nova parceria com o grupo Raben, estabelecendo conex\u00f5es di\u00e1rias desde a Alemanha.","og_url":"https:\/\/www.torrestir.com\/acores\/2021\/04\/30\/torrestir-reforca-parceria-com-raben\/","og_site_name":"Torrestir A\u00e7ores","article_published_time":"2021-04-30T16:51:01+00:00","og_image":[{"width":1000,"height":628,"url":"http:\/\/www.torrestir.com\/acores\/wp-content\/uploads\/sites\/5\/2021\/04\/raben.jpg","type":"image\/jpeg"}],"author":"diogofelix","twitter_card":"summary_large_image","twitter_misc":{"Escrito por":"diogofelix","Tempo estimado de leitura":"4 minutos"},"schema":{"@context":"https:\/\/schema.org","@graph":[{"@type":"WebPage","@id":"https:\/\/www.torrestir.com\/acores\/2021\/04\/30\/torrestir-reforca-parceria-com-raben\/","url":"https:\/\/www.torrestir.com\/acores\/2021\/04\/30\/torrestir-reforca-parceria-com-raben\/","name":"Torrestir Refor\u00e7a Parceria com Raben - Torrestir A\u00e7ores","isPartOf":{"@id":"https:\/\/www.torrestir.com\/acores\/#website"},"datePublished":"2021-04-30T16:51:01+00:00","dateModified":"2021-04-30T16:51:01+00:00","author":{"@id":"https:\/\/www.torrestir.com\/acores\/#\/schema\/person\/a897dbbb625aae550897040a735c27d2"},"description":"A Torrestir expande a sua network terrestre com uma nova parceria com o grupo Raben, estabelecendo conex\u00f5es di\u00e1rias desde a Alemanha.","breadcrumb":{"@id":"https:\/\/www.torrestir.com\/acores\/2021\/04\/30\/torrestir-reforca-parceria-com-raben\/#breadcrumb"},"inLanguage":"pt-PT","potentialAction":[{"@type":"ReadAction","target":["https:\/\/www.torrestir.com\/acores\/2021\/04\/30\/torrestir-reforca-parceria-com-raben\/"]}]},{"@type":"BreadcrumbList","@id":"https:\/\/www.torrestir.com\/acores\/2021\/04\/30\/torrestir-reforca-parceria-com-raben\/#breadcrumb","itemListElement":[{"@type":"ListItem","position":1,"name":"In\u00edcio","item":"https:\/\/www.torrestir.com\/acores\/"},{"@type":"ListItem","position":2,"name":"Torrestir Refor\u00e7a Parceria com Raben"}]},{"@type":"WebSite","@id":"https:\/\/www.torrestir.com\/acores\/#website","url":"https:\/\/www.torrestir.com\/acores\/","name":"Torrestir A\u00e7ores","description":"Sem limites","potentialAction":[{"@type":"SearchAction","target":{"@type":"EntryPoint","urlTemplate":"https:\/\/www.torrestir.com\/acores\/?s={search_term_string}"},"query-input":"required name=search_term_string"}],"inLanguage":"pt-PT"},{"@type":"Person","@id":"https:\/\/www.torrestir.com\/acores\/#\/schema\/person\/a897dbbb625aae550897040a735c27d2","name":"diogofelix","image":{"@type":"ImageObject","inLanguage":"pt-PT","@id":"https:\/\/www.torrestir.com\/acores\/#\/schema\/person\/image\/","url":"https:\/\/secure.gravatar.com\/avatar\/8c96fa216da80efff13817d050c6f581?s=96&d=mm&r=g","contentUrl":"https:\/\/secure.gravatar.com\/avatar\/8c96fa216da80efff13817d050c6f581?s=96&d=mm&r=g","caption":"diogofelix"},"url":"https:\/\/www.torrestir.com\/acores\/author\/diogofelix\/"}]}},"uagb_featured_image_src":{"full":["https:\/\/www.torrestir.com\/acores\/wp-content\/uploads\/sites\/5\/2021\/04\/raben.jpg",1000,628,false],"thumbnail":["https:\/\/www.torrestir.com\/acores\/wp-content\/uploads\/sites\/5\/2021\/04\/raben-150x150.jpg",150,150,true],"medium":["https:\/\/www.torrestir.com\/acores\/wp-content\/uploads\/sites\/5\/2021\/04\/raben-300x188.jpg",300,188,true],"medium_large":["https:\/\/www.torrestir.com\/acores\/wp-content\/uploads\/sites\/5\/2021\/04\/raben-768x482.jpg",768,482,true],"large":["https:\/\/www.torrestir.com\/acores\/wp-content\/uploads\/sites\/5\/2021\/04\/raben.jpg",1000,628,false],"timeline-express":["https:\/\/www.torrestir.com\/acores\/wp-content\/uploads\/sites\/5\/2021\/04\/raben-350x120.jpg",350,120,true],"timeline-express-thumbnail":["https:\/\/www.torrestir.com\/acores\/wp-content\/uploads\/sites\/5\/2021\/04\/raben-200x120.jpg",200,120,true],"1536x1536":["https:\/\/www.torrestir.com\/acores\/wp-content\/uploads\/sites\/5\/2021\/04\/raben.jpg",1000,628,false],"2048x2048":["https:\/\/www.torrestir.com\/acores\/wp-content\/uploads\/sites\/5\/2021\/04\/raben.jpg",1000,628,false],"transcargo-image-255x170-croped":["https:\/\/www.torrestir.com\/acores\/wp-content\/uploads\/sites\/5\/2021\/04\/raben-255x170.jpg",255,170,true],"transcargo-image-270x330-croped":["https:\/\/www.torrestir.com\/acores\/wp-content\/uploads\/sites\/5\/2021\/04\/raben-270x330.jpg",270,330,true],"transcargo_image-600x377-croped":["https:\/\/www.torrestir.com\/acores\/wp-content\/uploads\/sites\/5\/2021\/04\/raben-600x377.jpg",600,377,true],"transcargo_image-350x230-croped":["https:\/\/www.torrestir.com\/acores\/wp-content\/uploads\/sites\/5\/2021\/04\/raben-350x230.jpg",350,230,true],"transcargo_image-130x130-croped":["https:\/\/www.torrestir.com\/acores\/wp-content\/uploads\/sites\/5\/2021\/04\/raben-130x130.jpg",130,130,true],"transcargo_image-40x40-croped":["https:\/\/www.torrestir.com\/acores\/wp-content\/uploads\/sites\/5\/2021\/04\/raben-40x40.jpg",40,40,true],"transcargo_image-1600x1024":["https:\/\/www.torrestir.com\/acores\/wp-content\/uploads\/sites\/5\/2021\/04\/raben.jpg",1000,628,false]},"uagb_author_info":{"display_name":"diogofelix","author_link":"https:\/\/www.torrestir.com\/acores\/author\/diogofelix\/"},"uagb_comment_info":0,"uagb_excerpt":"A Torrestir expande a sua network terrestre com uma nova parceria com o grupo Raben, estabelecendo conex\u00f5es di\u00e1rias desde a Alemanha.","_links":{"self":[{"href":"https:\/\/www.torrestir.com\/acores\/wp-json\/wp\/v2\/posts\/4790"}],"collection":[{"href":"https:\/\/www.torrestir.com\/acores\/wp-json\/wp\/v2\/posts"}],"about":[{"href":"https:\/\/www.torrestir.com\/acores\/wp-json\/wp\/v2\/types\/post"}],"author":[{"embeddable":true,"href":"https:\/\/www.torrestir.com\/acores\/wp-json\/wp\/v2\/users\/6"}],"replies":[{"embeddable":true,"href":"https:\/\/www.torrestir.com\/acores\/wp-json\/wp\/v2\/comments?post=4790"}],"version-history":[{"count":0,"href":"https:\/\/www.torrestir.com\/acores\/wp-json\/wp\/v2\/posts\/4790\/revisions"}],"wp:featuredmedia":[{"embeddable":true,"href":"https:\/\/www.torrestir.com\/acores\/wp-json\/wp\/v2\/media\/4793"}],"wp:attachment":[{"href":"https:\/\/www.torrestir.com\/acores\/wp-json\/wp\/v2\/media?parent=4790"}],"wp:term":[{"taxonomy":"category","embeddable":true,"href":"https:\/\/www.torrestir.com\/acores\/wp-json\/wp\/v2\/categories?post=4790"},{"taxonomy":"post_tag","embeddable":true,"href":"https:\/\/www.torrestir.com\/acores\/wp-json\/wp\/v2\/tags?post=4790"}],"curies":[{"name":"wp","href":"https:\/\/api.w.org\/{rel}","templated":true}]}}